{"id":2666,"date":"2017-10-31T09:30:13","date_gmt":"2017-10-31T07:30:13","guid":{"rendered":"http:\/\/magazin.shalom-olim.com\/?p=2666"},"modified":"2017-10-31T09:44:45","modified_gmt":"2017-10-31T07:44:45","slug":"decembertol-tobbet-kereshetunk","status":"publish","type":"post","link":"https:\/\/magazin.salomhaverim.com\/?p=2666","title":{"rendered":"Decembert\u0151l t\u00f6bbet kereshet\u00fcnk"},"content":{"rendered":"<p><strong>A 2015-ben a Kneszet \u00e1ltal megszavazott l\u00e9pcs\u0151zetes b\u00e9remel\u00e9s utols\u00f3 f\u00e1zis\u00e1ba \u00e9rkezett. December elsej\u00e9t\u0151l<\/strong><strong>\u00a0a hivatalos minim\u00e1lb\u00e9r a teljes munkaid\u0151ben dolgoz\u00f3k sz\u00e1m\u00e1ra 5,300 s\u00e9kel lesz. A minim\u00e1l \u00f3rab\u00e9r 28,50 s\u00e9kelre, a napid\u00edj pedig minimum 245 s\u00e9kelre n\u0151. Az emel\u00e9s \u00e9vi 400-500 milli\u00f3 s\u00e9kelbe ker\u00fcl a munkaad\u00f3knak.<\/strong><\/p>\n<p>A korm\u00e1ny, a szakszervetek \u00e9s a munkaad\u00f3k sz\u00f6vets\u00e9ge m\u00e9g 2014 december\u00e9ben egyeztetett egy egyl\u00e9pcs\u0151s, ezer s\u00e9keles emel\u00e9sr\u0151l, akkor 4,000-r\u0151l 5,000 s\u00e9kelre n\u0151tt volna a minim\u00e1lb\u00e9r. A szakszervetek er\u0151fesz\u00edt\u00e9sei ellen\u00e9re a korm\u00e1ny v\u00e9g\u00fcl 2015. janu\u00e1rt\u00f3l csak egy 300 s\u00e9keles emel\u00e9st szavazott meg, amit j\u00faliusban tov\u00e1bbi 350 s\u00e9keles k\u00f6telez\u0151 emel\u00e9ssel fejeltek meg. 2016-ban is lassan, de n\u0151ttek az alapfizet\u00e9sek.\u00a0 2017. janu\u00e1rt\u00f3l v\u00e1ltozott a jogszab\u00e1ly \u00e9s jutottak el a munkav\u00e1llal\u00f3k az 5,000 s\u00e9keles k\u00f6telez\u0151 alapb\u00e9rhez. Szint\u00e9n k\u00e9t \u00e9v alatt n\u0151tt az \u00e9ves alapszabads\u00e1g a kor\u00e1bbi 10 napr\u00f3l 12 napra.<\/p>\n<p>2015-ben a Bituah Leumi\u00a0(T\u00e1rsadalom Biztos\u00edt\u00f3) adatai szerint a munkav\u00e1llal\u00f3k mintegy hatoda, 660 ezer f\u0151 fizet\u00e9se volt a minim\u00e1lb\u00e9r k\u00f6zel\u00e9ben. A v\u00e1llalkoz\u00f3k 36%-a is csup\u00e1n ennyi j\u00f6vedelmet vallott be. Az emel\u00e9sek ellen\u00e9re 2017-ben az izraeli munkav\u00e1llal\u00f3k t\u00f6bb mint fele, legal\u00e1bb 2 milli\u00f3an, tov\u00e1bbra is csup\u00e1n a minim\u00e1lb\u00e9rnek megfelel\u0151 d\u00edjaz\u00e1sban r\u00e9szes\u00fcl.\u00a0A Statisztikai Hivatal\u00a0 adatai szerint 2017 j\u00fanius\u00e1ban Izraelben az \u00e1tlag fizet\u00e9s 10.124 s\u00e9kel volt. A munkan\u00e9lk\u00fclis\u00e9gi r\u00e1ta mind\u00f6ssze 4,1 sz\u00e1zal\u00e9kos. Az orsz\u00e1g 8,6 milli\u00f3 lakos\u00e1nak 64 % sz\u00e1zal\u00e9ka munkak\u00e9pes kor\u00fa, a munkav\u00e1llal\u00f3k sz\u00e1ma meghaladja a 3,8 milli\u00f3t. Az infl\u00e1ci\u00f3s r\u00e1ta 0,1 sz\u00e1zal\u00e9kos.<\/p>\n<p>&nbsp;<\/p>\n<p>&nbsp;<\/p>\n<p><img loading=\"lazy\" decoding=\"async\" class=\"size-full wp-image-2668 aligncenter\" src=\"http:\/\/magazin.shalom-olim.com\/wp-content\/uploads\/2017\/10\/a\u0301tlagfiz.jpg\" alt=\"\" width=\"1000\" height=\"466\" srcset=\"https:\/\/magazin.salomhaverim.com\/wp-content\/uploads\/2017\/10\/a\u0301tlagfiz.jpg 1000w, https:\/\/magazin.salomhaverim.com\/wp-content\/uploads\/2017\/10\/a\u0301tlagfiz-300x140.jpg 300w, https:\/\/magazin.salomhaverim.com\/wp-content\/uploads\/2017\/10\/a\u0301tlagfiz-768x358.jpg 768w\" sizes=\"(max-width: 1000px) 100vw, 1000px\" \/><\/p>\n","protected":false},"excerpt":{"rendered":"<p>A 2015-ben a Kneszet \u00e1ltal megszavazott l\u00e9pcs\u0151zetes b\u00e9remel\u00e9s utols\u00f3 f\u00e1zis\u00e1ba \u00e9rkezett. December elsej\u00e9t\u0151l\u00a0a hivatalos minim\u00e1lb\u00e9r a teljes munkaid\u0151ben dolgoz\u00f3k sz\u00e1m\u00e1ra&#8230;<\/p>\n","protected":false},"author":2,"featured_media":2659,"comment_status":"closed","ping_status":"open","sticky":false,"template":"","format":"standard","meta":{"jetpack_post_was_ever_published":false,"_jetpack_newsletter_access":"","_jetpack_newsletter_tier_id":0,"footnotes":"","jetpack_publicize_message":"","jetpack_is_tweetstorm":false,"jetpack_publicize_feature_enabled":true,"jetpack_social_post_already_shared":true,"jetpack_social_options":{"image_generator_settings":{"template":"highway","enabled":false}}},"categories":[3],"tags":[36],"jetpack_publicize_connections":[],"jetpack_featured_media_url":"https:\/\/magazin.salomhaverim.com\/wp-content\/uploads\/2017\/10\/fizetesemeles.jpg","jetpack_sharing_enabled":true,"jetpack_shortlink":"https:\/\/wp.me\/p7oEn5-H0","_links":{"self":[{"href":"https:\/\/magazin.salomhaverim.com\/index.php?rest_route=\/wp\/v2\/posts\/2666"}],"collection":[{"href":"https:\/\/magazin.salomhaverim.com\/index.php?rest_route=\/wp\/v2\/posts"}],"about":[{"href":"https:\/\/magazin.salomhaverim.com\/index.php?rest_route=\/wp\/v2\/types\/post"}],"author":[{"embeddable":true,"href":"https:\/\/magazin.salomhaverim.com\/index.php?rest_route=\/wp\/v2\/users\/2"}],"replies":[{"embeddable":true,"href":"https:\/\/magazin.salomhaverim.com\/index.php?rest_route=%2Fwp%2Fv2%2Fcomments&post=2666"}],"version-history":[{"count":3,"href":"https:\/\/magazin.salomhaverim.com\/index.php?rest_route=\/wp\/v2\/posts\/2666\/revisions"}],"predecessor-version":[{"id":2670,"href":"https:\/\/magazin.salomhaverim.com\/index.php?rest_route=\/wp\/v2\/posts\/2666\/revisions\/2670"}],"wp:featuredmedia":[{"embeddable":true,"href":"https:\/\/magazin.salomhaverim.com\/index.php?rest_route=\/wp\/v2\/media\/2659"}],"wp:attachment":[{"href":"https:\/\/magazin.salomhaverim.com\/index.php?rest_route=%2Fwp%2Fv2%2Fmedia&parent=2666"}],"wp:term":[{"taxonomy":"category","embeddable":true,"href":"https:\/\/magazin.salomhaverim.com\/index.php?rest_route=%2Fwp%2Fv2%2Fcategories&post=2666"},{"taxonomy":"post_tag","embeddable":true,"href":"https:\/\/magazin.salomhaverim.com\/index.php?rest_route=%2Fwp%2Fv2%2Ftags&post=2666"}],"curies":[{"name":"wp","href":"https:\/\/api.w.org\/{rel}","templated":true}]}}